{"id":147,"date":"2011-06-18T11:23:41","date_gmt":"2011-06-18T11:23:41","guid":{"rendered":"http:\/\/ifdesignelseart.com\/?p=147"},"modified":"2011-06-18T11:23:49","modified_gmt":"2011-06-18T11:23:49","slug":"presentation-du-livre-dans-le-cadre-de-futur-en-seine","status":"publish","type":"post","link":"https:\/\/ifdesignelseart.com\/?p=147","title":{"rendered":"Pr\u00e9sentation du livre dans le cadre de Futur en Seine"},"content":{"rendered":"<p>Dans le cadre du festival Futur en Seine, l&rsquo;ouvrage <em>Processing : le code informatique comme outil de cr\u00e9ation<\/em> et le logiciel Mobilizing seront pr\u00e9sent\u00e9s par leurs auteurs respectifs \u00e0 l&rsquo;\u00c9cole Nationale Sup\u00e9rieure des Arts D\u00e9coratifs le mercredi 22 juin \u00e0 partir de 17h30. Plus d&rsquo;informations ici :\u00a0<a href=\"http:\/\/www.futur-en-seine.fr\/fiche\/processing-mobilizing\/\">futur-en-seine.fr<\/a><\/p>\n","protected":false},"excerpt":{"rendered":"<p>Dans le cadre du festival Futur en Seine, l&rsquo;ouvrage Processing : le code informatique comme outil de cr\u00e9ation et le logiciel Mobilizing seront pr\u00e9sent\u00e9s par leurs auteurs respectifs \u00e0 l&rsquo;\u00c9cole Nationale Sup\u00e9rieure des Arts D\u00e9coratifs le mercredi 22 juin \u00e0 partir de 17h30. Plus d&rsquo;informations ici :\u00a0futur-en-seine.fr<\/p>\n","protected":false},"author":2,"featured_media":0,"comment_status":"open","ping_status":"open","sticky":false,"template":"","format":"standard","meta":{"footnotes":""},"categories":[5],"tags":[],"class_list":["post-147","post","type-post","status-publish","format-standard","hentry","category-actualite"],"_links":{"self":[{"href":"https:\/\/ifdesignelseart.com\/index.php?rest_route=\/wp\/v2\/posts\/147","targetHints":{"allow":["GET"]}}],"collection":[{"href":"https:\/\/ifdesignelseart.com\/index.php?rest_route=\/wp\/v2\/posts"}],"about":[{"href":"https:\/\/ifdesignelseart.com\/index.php?rest_route=\/wp\/v2\/types\/post"}],"author":[{"embeddable":true,"href":"https:\/\/ifdesignelseart.com\/index.php?rest_route=\/wp\/v2\/users\/2"}],"replies":[{"embeddable":true,"href":"https:\/\/ifdesignelseart.com\/index.php?rest_route=%2Fwp%2Fv2%2Fcomments&post=147"}],"version-history":[{"count":0,"href":"https:\/\/ifdesignelseart.com\/index.php?rest_route=\/wp\/v2\/posts\/147\/revisions"}],"wp:attachment":[{"href":"https:\/\/ifdesignelseart.com\/index.php?rest_route=%2Fwp%2Fv2%2Fmedia&parent=147"}],"wp:term":[{"taxonomy":"category","embeddable":true,"href":"https:\/\/ifdesignelseart.com\/index.php?rest_route=%2Fwp%2Fv2%2Fcategories&post=147"},{"taxonomy":"post_tag","embeddable":true,"href":"https:\/\/ifdesignelseart.com\/index.php?rest_route=%2Fwp%2Fv2%2Ftags&post=147"}],"curies":[{"name":"wp","href":"https:\/\/api.w.org\/{rel}","templated":true}]}}